{"id":1910,"date":"2024-09-23T13:57:28","date_gmt":"2024-09-23T11:57:28","guid":{"rendered":"https:\/\/www.corradinigroup.it\/non-categorizzato\/20-lat-marmi-corradini-polska\/"},"modified":"2024-12-17T11:28:54","modified_gmt":"2024-12-17T10:28:54","slug":"20-lat-marmi-corradini-polska","status":"publish","type":"post","link":"https:\/\/www.corradinigroup.it\/en\/press-en\/20-lat-marmi-corradini-polska\/","title":{"rendered":"20 lat Marmi Corradini Polska!"},"content":{"rendered":"<div class=\"wpb-content-wrapper\"><p>[vc_row][vc_column][vc_single_image image=&#8221;1941&#8243; img_size=&#8221;full&#8221; alignment=&#8221;center&#8221; css=&#8221;&#8221;][\/vc_column][\/vc_row][vc_row][vc_column][vc_column_text]26-27 lipca 2024 roku odby\u0142y si\u0119 dni otwarte firmy, kt\u00f3rej przedstawiciele wraz<br \/>\nz kilkudziesi\u0119cioma przyby\u0142ymi na t\u0119 okoliczno\u015b\u0107 klientami, postanowili uczci\u0107<br \/>\nokr\u0105g\u0142y jubileusz otwarcia magazynu w Polsce.<br \/>\nNa imprezie obecni byli wszyscy pracownicy firmy z Polski, a tak\u017ce bardzo<br \/>\ndu\u017ca delegacja pracownik\u00f3w z W\u0142och oraz szefostwo firmy Cristina i Francesco<br \/>\nCorradini. Postanowili\u015bmy skorzysta\u0107 z okazji i zapyta\u0107 za\u0142o\u017cycieli Marmi<br \/>\nCorradini Polska o to, co sta\u0142o za podj\u0119ciem decyzji o otwarciu magazynu<br \/>\nw O\u015bwi\u0119cimiu, jak wspominaj\u0105 Polsk\u0119 sprzed dwudziestu i wi\u0119cej lat oraz jak<br \/>\nwidz\u0105 swoj\u0105 przysz\u0142o\u015b\u0107 w Polsce. Rozmawia\u0142 Maciej Brzeski.<\/p>\n<p>&nbsp;<\/p>\n<p><a href=\"\/wp-content\/uploads\/2024\/09\/Marmi_Corradini_NK146.pdf\">Pobierz artyku\u0142 w formacie PDF<\/a>[\/vc_column_text][\/vc_column][\/vc_row]<\/p>\n<\/div>","protected":false},"excerpt":{"rendered":"<p>[vc_row][vc_column][vc_single_image image=&#8221;1941&#8243; img_size=&#8221;full&#8221; alignment=&#8221;center&#8221; css=&#8221;&#8221;][\/vc_column][\/vc_row][vc_row][vc_column][vc_column_text]26-27 lipca 2024 roku odby\u0142y si\u0119 dni otwarte firmy, kt\u00f3rej przedstawiciele wraz z kilkudziesi\u0119cioma przyby\u0142ymi na [&hellip;]<\/p>\n","protected":false},"author":1,"featured_media":1942,"comment_status":"closed","ping_status":"closed","sticky":false,"template":"","format":"standard","meta":{"_acf_changed":false,"site-sidebar-layout":"default","site-content-layout":"","ast-site-content-layout":"default","site-content-style":"default","site-sidebar-style":"default","ast-global-header-display":"","ast-banner-title-visibility":"","ast-main-header-display":"","ast-hfb-above-header-display":"","ast-hfb-below-header-display":"","ast-hfb-mobile-header-display":"","site-post-title":"","ast-breadcrumbs-content":"","ast-featured-img":"","footer-sml-layout":"","ast-disable-related-posts":"","theme-transparent-header-meta":"default","adv-header-id-meta":"","stick-header-meta":"","header-above-stick-meta":"","header-main-stick-meta":"","header-below-stick-meta":"","astra-migrate-meta-layouts":"set","ast-page-background-enabled":"default","ast-page-background-meta":{"desktop":{"background-color":"var(--ast-global-color-4)","background-image":"","background-repeat":"repeat","background-position":"center center","background-size":"auto","background-attachment":"scroll","background-type":"","background-media":"","overlay-type":"","overlay-color":"","overlay-opacity":"","overlay-gradient":""},"tablet":{"background-color":"","background-image":"","background-repeat":"repeat","background-position":"center center","background-size":"auto","background-attachment":"scroll","background-type":"","background-media":"","overlay-type":"","overlay-color":"","overlay-opacity":"","overlay-gradient":""},"mobile":{"background-color":"","background-image":"","background-repeat":"repeat","background-position":"center center","background-size":"auto","background-attachment":"scroll","background-type":"","background-media":"","overlay-type":"","overlay-color":"","overlay-opacity":"","overlay-gradient":""}},"ast-content-background-meta":{"desktop":{"background-color":"var(--ast-global-color-5)","background-image":"","background-repeat":"repeat","background-position":"center center","background-size":"auto","background-attachment":"scroll","background-type":"","background-media":"","overlay-type":"","overlay-color":"","overlay-opacity":"","overlay-gradient":""},"tablet":{"background-color":"var(--ast-global-color-5)","background-image":"","background-repeat":"repeat","background-position":"center center","background-size":"auto","background-attachment":"scroll","background-type":"","background-media":"","overlay-type":"","overlay-color":"","overlay-opacity":"","overlay-gradient":""},"mobile":{"background-color":"var(--ast-global-color-5)","background-image":"","background-repeat":"repeat","background-position":"center center","background-size":"auto","background-attachment":"scroll","background-type":"","background-media":"","overlay-type":"","overlay-color":"","overlay-opacity":"","overlay-gradient":""}},"footnotes":""},"categories":[23],"tags":[],"class_list":["post-1910","post","type-post","status-publish","format-standard","has-post-thumbnail","hentry","category-press-en"],"acf":[],"yoast_head":"<!-- This site is optimized with the Yoast SEO plugin v27.4 - https:\/\/yoast.com\/product\/yoast-seo-wordpress\/ -->\n<title>20 lat Marmi Corradini Polska! - Corradini Group<\/title>\n<meta name=\"robots\" content=\"index, follow, max-snippet:-1, max-image-preview:large, max-video-preview:-1\" \/>\n<link rel=\"canonical\" href=\"https:\/\/www.corradinigroup.it\/en\/press-en\/20-lat-marmi-corradini-polska\/\" \/>\n<meta property=\"og:locale\" content=\"en_US\" \/>\n<meta property=\"og:type\" content=\"article\" \/>\n<meta property=\"og:title\" content=\"20 lat Marmi Corradini Polska! - Corradini Group\" \/>\n<meta property=\"og:description\" content=\"[vc_row][vc_column][vc_single_image image=&#8221;1941&#8243; img_size=&#8221;full&#8221; alignment=&#8221;center&#8221; css=&#8221;&#8221;][\/vc_column][\/vc_row][vc_row][vc_column][vc_column_text]26-27 lipca 2024 roku odby\u0142y si\u0119 dni otwarte firmy, kt\u00f3rej przedstawiciele wraz z kilkudziesi\u0119cioma przyby\u0142ymi na [&hellip;]\" \/>\n<meta property=\"og:url\" content=\"https:\/\/www.corradinigroup.it\/en\/press-en\/20-lat-marmi-corradini-polska\/\" \/>\n<meta property=\"og:site_name\" content=\"Corradini Group\" \/>\n<meta property=\"article:publisher\" content=\"https:\/\/www.facebook.com\/MarmiCorradiniGroup\/\" \/>\n<meta property=\"article:published_time\" content=\"2024-09-23T11:57:28+00:00\" \/>\n<meta property=\"article:modified_time\" content=\"2024-12-17T10:28:54+00:00\" \/>\n<meta property=\"og:image\" content=\"https:\/\/www.corradinigroup.it\/wp-content\/uploads\/2024\/12\/corradini-press-8.jpg\" \/>\n\t<meta property=\"og:image:width\" content=\"936\" \/>\n\t<meta property=\"og:image:height\" content=\"590\" \/>\n\t<meta property=\"og:image:type\" content=\"image\/jpeg\" \/>\n<meta name=\"author\" content=\"admin_diamente\" \/>\n<meta name=\"twitter:card\" content=\"summary_large_image\" \/>\n<script type=\"application\/ld+json\" class=\"yoast-schema-graph\">{\"@context\":\"https:\\\/\\\/schema.org\",\"@graph\":[{\"@type\":\"Article\",\"@id\":\"https:\\\/\\\/www.corradinigroup.it\\\/en\\\/press-en\\\/20-lat-marmi-corradini-polska\\\/#article\",\"isPartOf\":{\"@id\":\"https:\\\/\\\/www.corradinigroup.it\\\/en\\\/press-en\\\/20-lat-marmi-corradini-polska\\\/\"},\"author\":{\"name\":\"admin_diamente\",\"@id\":\"https:\\\/\\\/www.corradinigroup.it\\\/en\\\/#\\\/schema\\\/person\\\/5ec9da86c84e4def449352a289086d77\"},\"headline\":\"20 lat Marmi Corradini Polska!\",\"datePublished\":\"2024-09-23T11:57:28+00:00\",\"dateModified\":\"2024-12-17T10:28:54+00:00\",\"mainEntityOfPage\":{\"@id\":\"https:\\\/\\\/www.corradinigroup.it\\\/en\\\/press-en\\\/20-lat-marmi-corradini-polska\\\/\"},\"wordCount\":151,\"publisher\":{\"@id\":\"https:\\\/\\\/www.corradinigroup.it\\\/en\\\/#organization\"},\"image\":{\"@id\":\"https:\\\/\\\/www.corradinigroup.it\\\/en\\\/press-en\\\/20-lat-marmi-corradini-polska\\\/#primaryimage\"},\"thumbnailUrl\":\"https:\\\/\\\/www.corradinigroup.it\\\/wp-content\\\/uploads\\\/2024\\\/12\\\/corradini-press-8.jpg\",\"articleSection\":[\"Press\"],\"inLanguage\":\"en-US\"},{\"@type\":\"WebPage\",\"@id\":\"https:\\\/\\\/www.corradinigroup.it\\\/en\\\/press-en\\\/20-lat-marmi-corradini-polska\\\/\",\"url\":\"https:\\\/\\\/www.corradinigroup.it\\\/en\\\/press-en\\\/20-lat-marmi-corradini-polska\\\/\",\"name\":\"20 lat Marmi Corradini Polska! - Corradini Group\",\"isPartOf\":{\"@id\":\"https:\\\/\\\/www.corradinigroup.it\\\/en\\\/#website\"},\"primaryImageOfPage\":{\"@id\":\"https:\\\/\\\/www.corradinigroup.it\\\/en\\\/press-en\\\/20-lat-marmi-corradini-polska\\\/#primaryimage\"},\"image\":{\"@id\":\"https:\\\/\\\/www.corradinigroup.it\\\/en\\\/press-en\\\/20-lat-marmi-corradini-polska\\\/#primaryimage\"},\"thumbnailUrl\":\"https:\\\/\\\/www.corradinigroup.it\\\/wp-content\\\/uploads\\\/2024\\\/12\\\/corradini-press-8.jpg\",\"datePublished\":\"2024-09-23T11:57:28+00:00\",\"dateModified\":\"2024-12-17T10:28:54+00:00\",\"breadcrumb\":{\"@id\":\"https:\\\/\\\/www.corradinigroup.it\\\/en\\\/press-en\\\/20-lat-marmi-corradini-polska\\\/#breadcrumb\"},\"inLanguage\":\"en-US\",\"potentialAction\":[{\"@type\":\"ReadAction\",\"target\":[\"https:\\\/\\\/www.corradinigroup.it\\\/en\\\/press-en\\\/20-lat-marmi-corradini-polska\\\/\"]}]},{\"@type\":\"ImageObject\",\"inLanguage\":\"en-US\",\"@id\":\"https:\\\/\\\/www.corradinigroup.it\\\/en\\\/press-en\\\/20-lat-marmi-corradini-polska\\\/#primaryimage\",\"url\":\"https:\\\/\\\/www.corradinigroup.it\\\/wp-content\\\/uploads\\\/2024\\\/12\\\/corradini-press-8.jpg\",\"contentUrl\":\"https:\\\/\\\/www.corradinigroup.it\\\/wp-content\\\/uploads\\\/2024\\\/12\\\/corradini-press-8.jpg\",\"width\":936,\"height\":590},{\"@type\":\"BreadcrumbList\",\"@id\":\"https:\\\/\\\/www.corradinigroup.it\\\/en\\\/press-en\\\/20-lat-marmi-corradini-polska\\\/#breadcrumb\",\"itemListElement\":[{\"@type\":\"ListItem\",\"position\":1,\"name\":\"Home\",\"item\":\"https:\\\/\\\/www.corradinigroup.it\\\/en\\\/\"},{\"@type\":\"ListItem\",\"position\":2,\"name\":\"20 lat Marmi Corradini Polska!\"}]},{\"@type\":\"WebSite\",\"@id\":\"https:\\\/\\\/www.corradinigroup.it\\\/en\\\/#website\",\"url\":\"https:\\\/\\\/www.corradinigroup.it\\\/en\\\/\",\"name\":\"Corradini Group\",\"description\":\"Your partner in natural stones\",\"publisher\":{\"@id\":\"https:\\\/\\\/www.corradinigroup.it\\\/en\\\/#organization\"},\"potentialAction\":[{\"@type\":\"SearchAction\",\"target\":{\"@type\":\"EntryPoint\",\"urlTemplate\":\"https:\\\/\\\/www.corradinigroup.it\\\/en\\\/?s={search_term_string}\"},\"query-input\":{\"@type\":\"PropertyValueSpecification\",\"valueRequired\":true,\"valueName\":\"search_term_string\"}}],\"inLanguage\":\"en-US\"},{\"@type\":\"Organization\",\"@id\":\"https:\\\/\\\/www.corradinigroup.it\\\/en\\\/#organization\",\"name\":\"Corradini Group\",\"url\":\"https:\\\/\\\/www.corradinigroup.it\\\/en\\\/\",\"logo\":{\"@type\":\"ImageObject\",\"inLanguage\":\"en-US\",\"@id\":\"https:\\\/\\\/www.corradinigroup.it\\\/en\\\/#\\\/schema\\\/logo\\\/image\\\/\",\"url\":\"https:\\\/\\\/www.corradinigroup.it\\\/wp-content\\\/uploads\\\/2024\\\/11\\\/cropped-corradini-marmi-favicon-300x300-1.png\",\"contentUrl\":\"https:\\\/\\\/www.corradinigroup.it\\\/wp-content\\\/uploads\\\/2024\\\/11\\\/cropped-corradini-marmi-favicon-300x300-1.png\",\"width\":512,\"height\":512,\"caption\":\"Corradini Group\"},\"image\":{\"@id\":\"https:\\\/\\\/www.corradinigroup.it\\\/en\\\/#\\\/schema\\\/logo\\\/image\\\/\"},\"sameAs\":[\"https:\\\/\\\/www.facebook.com\\\/MarmiCorradiniGroup\\\/\",\"https:\\\/\\\/www.instagram.com\\\/corradinigroup\\\/\",\"https:\\\/\\\/www.youtube.com\\\/channel\\\/UCqhT-DGo2qXKeVf3y_Y5nww\"]},{\"@type\":\"Person\",\"@id\":\"https:\\\/\\\/www.corradinigroup.it\\\/en\\\/#\\\/schema\\\/person\\\/5ec9da86c84e4def449352a289086d77\",\"name\":\"admin_diamente\",\"image\":{\"@type\":\"ImageObject\",\"inLanguage\":\"en-US\",\"@id\":\"https:\\\/\\\/secure.gravatar.com\\\/avatar\\\/f94371e4bbf4d95c25ab9ec0dc3884e2ab77022912bf63d8e22f38d8fab453ab?s=96&d=mm&r=g\",\"url\":\"https:\\\/\\\/secure.gravatar.com\\\/avatar\\\/f94371e4bbf4d95c25ab9ec0dc3884e2ab77022912bf63d8e22f38d8fab453ab?s=96&d=mm&r=g\",\"contentUrl\":\"https:\\\/\\\/secure.gravatar.com\\\/avatar\\\/f94371e4bbf4d95c25ab9ec0dc3884e2ab77022912bf63d8e22f38d8fab453ab?s=96&d=mm&r=g\",\"caption\":\"admin_diamente\"},\"sameAs\":[\"https:\\\/\\\/www.corradinigroup.it\"]}]}<\/script>\n<!-- \/ Yoast SEO plugin. -->","yoast_head_json":{"title":"20 lat Marmi Corradini Polska! - Corradini Group","robots":{"index":"index","follow":"follow","max-snippet":"max-snippet:-1","max-image-preview":"max-image-preview:large","max-video-preview":"max-video-preview:-1"},"canonical":"https:\/\/www.corradinigroup.it\/en\/press-en\/20-lat-marmi-corradini-polska\/","og_locale":"en_US","og_type":"article","og_title":"20 lat Marmi Corradini Polska! - Corradini Group","og_description":"[vc_row][vc_column][vc_single_image image=&#8221;1941&#8243; img_size=&#8221;full&#8221; alignment=&#8221;center&#8221; css=&#8221;&#8221;][\/vc_column][\/vc_row][vc_row][vc_column][vc_column_text]26-27 lipca 2024 roku odby\u0142y si\u0119 dni otwarte firmy, kt\u00f3rej przedstawiciele wraz z kilkudziesi\u0119cioma przyby\u0142ymi na [&hellip;]","og_url":"https:\/\/www.corradinigroup.it\/en\/press-en\/20-lat-marmi-corradini-polska\/","og_site_name":"Corradini Group","article_publisher":"https:\/\/www.facebook.com\/MarmiCorradiniGroup\/","article_published_time":"2024-09-23T11:57:28+00:00","article_modified_time":"2024-12-17T10:28:54+00:00","og_image":[{"width":936,"height":590,"url":"https:\/\/www.corradinigroup.it\/wp-content\/uploads\/2024\/12\/corradini-press-8.jpg","type":"image\/jpeg"}],"author":"admin_diamente","twitter_card":"summary_large_image","schema":{"@context":"https:\/\/schema.org","@graph":[{"@type":"Article","@id":"https:\/\/www.corradinigroup.it\/en\/press-en\/20-lat-marmi-corradini-polska\/#article","isPartOf":{"@id":"https:\/\/www.corradinigroup.it\/en\/press-en\/20-lat-marmi-corradini-polska\/"},"author":{"name":"admin_diamente","@id":"https:\/\/www.corradinigroup.it\/en\/#\/schema\/person\/5ec9da86c84e4def449352a289086d77"},"headline":"20 lat Marmi Corradini Polska!","datePublished":"2024-09-23T11:57:28+00:00","dateModified":"2024-12-17T10:28:54+00:00","mainEntityOfPage":{"@id":"https:\/\/www.corradinigroup.it\/en\/press-en\/20-lat-marmi-corradini-polska\/"},"wordCount":151,"publisher":{"@id":"https:\/\/www.corradinigroup.it\/en\/#organization"},"image":{"@id":"https:\/\/www.corradinigroup.it\/en\/press-en\/20-lat-marmi-corradini-polska\/#primaryimage"},"thumbnailUrl":"https:\/\/www.corradinigroup.it\/wp-content\/uploads\/2024\/12\/corradini-press-8.jpg","articleSection":["Press"],"inLanguage":"en-US"},{"@type":"WebPage","@id":"https:\/\/www.corradinigroup.it\/en\/press-en\/20-lat-marmi-corradini-polska\/","url":"https:\/\/www.corradinigroup.it\/en\/press-en\/20-lat-marmi-corradini-polska\/","name":"20 lat Marmi Corradini Polska! - Corradini Group","isPartOf":{"@id":"https:\/\/www.corradinigroup.it\/en\/#website"},"primaryImageOfPage":{"@id":"https:\/\/www.corradinigroup.it\/en\/press-en\/20-lat-marmi-corradini-polska\/#primaryimage"},"image":{"@id":"https:\/\/www.corradinigroup.it\/en\/press-en\/20-lat-marmi-corradini-polska\/#primaryimage"},"thumbnailUrl":"https:\/\/www.corradinigroup.it\/wp-content\/uploads\/2024\/12\/corradini-press-8.jpg","datePublished":"2024-09-23T11:57:28+00:00","dateModified":"2024-12-17T10:28:54+00:00","breadcrumb":{"@id":"https:\/\/www.corradinigroup.it\/en\/press-en\/20-lat-marmi-corradini-polska\/#breadcrumb"},"inLanguage":"en-US","potentialAction":[{"@type":"ReadAction","target":["https:\/\/www.corradinigroup.it\/en\/press-en\/20-lat-marmi-corradini-polska\/"]}]},{"@type":"ImageObject","inLanguage":"en-US","@id":"https:\/\/www.corradinigroup.it\/en\/press-en\/20-lat-marmi-corradini-polska\/#primaryimage","url":"https:\/\/www.corradinigroup.it\/wp-content\/uploads\/2024\/12\/corradini-press-8.jpg","contentUrl":"https:\/\/www.corradinigroup.it\/wp-content\/uploads\/2024\/12\/corradini-press-8.jpg","width":936,"height":590},{"@type":"BreadcrumbList","@id":"https:\/\/www.corradinigroup.it\/en\/press-en\/20-lat-marmi-corradini-polska\/#breadcrumb","itemListElement":[{"@type":"ListItem","position":1,"name":"Home","item":"https:\/\/www.corradinigroup.it\/en\/"},{"@type":"ListItem","position":2,"name":"20 lat Marmi Corradini Polska!"}]},{"@type":"WebSite","@id":"https:\/\/www.corradinigroup.it\/en\/#website","url":"https:\/\/www.corradinigroup.it\/en\/","name":"Corradini Group","description":"Your partner in natural stones","publisher":{"@id":"https:\/\/www.corradinigroup.it\/en\/#organization"},"potentialAction":[{"@type":"SearchAction","target":{"@type":"EntryPoint","urlTemplate":"https:\/\/www.corradinigroup.it\/en\/?s={search_term_string}"},"query-input":{"@type":"PropertyValueSpecification","valueRequired":true,"valueName":"search_term_string"}}],"inLanguage":"en-US"},{"@type":"Organization","@id":"https:\/\/www.corradinigroup.it\/en\/#organization","name":"Corradini Group","url":"https:\/\/www.corradinigroup.it\/en\/","logo":{"@type":"ImageObject","inLanguage":"en-US","@id":"https:\/\/www.corradinigroup.it\/en\/#\/schema\/logo\/image\/","url":"https:\/\/www.corradinigroup.it\/wp-content\/uploads\/2024\/11\/cropped-corradini-marmi-favicon-300x300-1.png","contentUrl":"https:\/\/www.corradinigroup.it\/wp-content\/uploads\/2024\/11\/cropped-corradini-marmi-favicon-300x300-1.png","width":512,"height":512,"caption":"Corradini Group"},"image":{"@id":"https:\/\/www.corradinigroup.it\/en\/#\/schema\/logo\/image\/"},"sameAs":["https:\/\/www.facebook.com\/MarmiCorradiniGroup\/","https:\/\/www.instagram.com\/corradinigroup\/","https:\/\/www.youtube.com\/channel\/UCqhT-DGo2qXKeVf3y_Y5nww"]},{"@type":"Person","@id":"https:\/\/www.corradinigroup.it\/en\/#\/schema\/person\/5ec9da86c84e4def449352a289086d77","name":"admin_diamente","image":{"@type":"ImageObject","inLanguage":"en-US","@id":"https:\/\/secure.gravatar.com\/avatar\/f94371e4bbf4d95c25ab9ec0dc3884e2ab77022912bf63d8e22f38d8fab453ab?s=96&d=mm&r=g","url":"https:\/\/secure.gravatar.com\/avatar\/f94371e4bbf4d95c25ab9ec0dc3884e2ab77022912bf63d8e22f38d8fab453ab?s=96&d=mm&r=g","contentUrl":"https:\/\/secure.gravatar.com\/avatar\/f94371e4bbf4d95c25ab9ec0dc3884e2ab77022912bf63d8e22f38d8fab453ab?s=96&d=mm&r=g","caption":"admin_diamente"},"sameAs":["https:\/\/www.corradinigroup.it"]}]}},"_links":{"self":[{"href":"https:\/\/www.corradinigroup.it\/en\/wp-json\/wp\/v2\/posts\/1910","targetHints":{"allow":["GET"]}}],"collection":[{"href":"https:\/\/www.corradinigroup.it\/en\/wp-json\/wp\/v2\/posts"}],"about":[{"href":"https:\/\/www.corradinigroup.it\/en\/wp-json\/wp\/v2\/types\/post"}],"author":[{"embeddable":true,"href":"https:\/\/www.corradinigroup.it\/en\/wp-json\/wp\/v2\/users\/1"}],"replies":[{"embeddable":true,"href":"https:\/\/www.corradinigroup.it\/en\/wp-json\/wp\/v2\/comments?post=1910"}],"version-history":[{"count":1,"href":"https:\/\/www.corradinigroup.it\/en\/wp-json\/wp\/v2\/posts\/1910\/revisions"}],"predecessor-version":[{"id":1998,"href":"https:\/\/www.corradinigroup.it\/en\/wp-json\/wp\/v2\/posts\/1910\/revisions\/1998"}],"wp:featuredmedia":[{"embeddable":true,"href":"https:\/\/www.corradinigroup.it\/en\/wp-json\/wp\/v2\/media\/1942"}],"wp:attachment":[{"href":"https:\/\/www.corradinigroup.it\/en\/wp-json\/wp\/v2\/media?parent=1910"}],"wp:term":[{"taxonomy":"category","embeddable":true,"href":"https:\/\/www.corradinigroup.it\/en\/wp-json\/wp\/v2\/categories?post=1910"},{"taxonomy":"post_tag","embeddable":true,"href":"https:\/\/www.corradinigroup.it\/en\/wp-json\/wp\/v2\/tags?post=1910"}],"curies":[{"name":"wp","href":"https:\/\/api.w.org\/{rel}","templated":true}]}}